{"id":1460,"date":"2017-09-29T10:59:44","date_gmt":"2017-09-29T10:59:44","guid":{"rendered":"http:\/\/iesjoaquintorres.catedu.es\/?p=1460"},"modified":"2017-09-29T11:02:19","modified_gmt":"2017-09-29T11:02:19","slug":"premi-desideri-lombarte-2017","status":"publish","type":"post","link":"https:\/\/iesjoaquintorres.catedu.es\/?p=1460","title":{"rendered":"PREMI DESIDERI LOMBARTE 2017"},"content":{"rendered":"<p>AVUI EL SEMINARI AUTON\u00d2MIC DE PROFESSORS DE CATAL\u00c0 ESTEM DE CELEBRACI\u00d3: ENS FAN ENTREGA DEL PREMI DESIDERI LOMBARTE 2017!<\/p>\n<p style=\"text-align: justify;\">L&#8217;agra\u00efment \u00e9s doble: D&#8217;una banda \u00e9s un reconeixement a la professi\u00f3 de mestre i, de l&#8217;altra, a la riquesa del patrimoni ling\u00fc\u00edstic d&#8217;Arag\u00f3.<\/p>\n<p>&nbsp;<\/p>\n<p style=\"text-align: justify;\">Volem compartir i fer extensiu aquest premi A TOTA LA COMUNITAT EDUCATIVA: A tot el professorat i equips directius perqu\u00e8 han fet possible l&#8217;exist\u00e8ncia de l&#8217;assignatura i dels programes de biling\u00fcisme en els centres. I tamb\u00e9 a l&#8217;alumnat i les fam\u00edlies que han estat els veritables pilars tots estos anys.<\/p>\n<p>&nbsp;<\/p>\n<p style=\"text-align: justify;\">En el marc dels actes de celebraci\u00f3 del Dia Europeu de les Lleng\u00fces, avui 29 de setembre a les 18.00 es lliurar\u00e0 al Pavell\u00f3 Municipal d&#8217;Alcampell (Osca) el Premi Desideri Lombarte 2017 que en la seva segona edici\u00f3 recaur\u00e0 en el Seminari Auton\u00f2mic de professors\/es de Llengua Catalana escollit per la seua inestimable contribuci\u00f3 durant m\u00e9s de 30 anys a la normalitzaci\u00f3 de la llengua catalana a Arag\u00f3. Des del 1984, els professors que han desenvolupat la tasca de l&#8217;ensenyament d&#8217;aquesta mat\u00e8ria s&#8217;han reunit per coordinar els criteris pedag\u00f2gics dels docents aragonesos de l&#8217;\u00e0rea de llengua catalana, han confeccionat materials i recursos adaptats a les necessitats i la realitat ling\u00fc\u00edstica aragonesa.<\/p>\n<p>&nbsp;<\/p>\n<p style=\"text-align: justify;\">El Seminari abasta tot el professorat de llengua catalana de totes les etapes educatives i de tot el territori aragon\u00e8s catalanoparlant, des dels seus inicis als anys vuitanta fins a l&#8217;actualitat, contribuint a formar pedag\u00f2gicament el professorat de l&#8217;\u00e0rea de llengua catalana i col\u00b7laborant en la dinamitzaci\u00f3 cultural d&#8217;aquest idioma entre l&#8217;alumnat.<\/p>\n<p>&nbsp;<\/p>\n<p style=\"text-align: justify;\">El Premi Desideri Lombarte reconeix una tasca continuada o d&#8217;especial notorietat i import\u00e0ncia, en qualsevol dels \u00e0mbits socials, culturals, esportius, art\u00edstics, econ\u00f2mics, etc. que suposen un destacat benefici per al catal\u00e0 d&#8217;Arag\u00f3.<\/p>\n<p>&nbsp;<\/p>\n<p style=\"text-align: justify;\">Per celebrar-ho us recomanem la can\u00e7\u00f3 \u00abLa Mestra\u00bb del grup valenci\u00e0 Zoo que aquesta setmana ha rebut el premi Cerver\u00ed a la millor can\u00e7\u00f3 en catal\u00e0 segons els oients de Catalunya R\u00e0dio i Icat FM.<\/p>\n<p><iframe loading=\"lazy\" width=\"720\" height=\"405\" src=\"https:\/\/www.youtube.com\/embed\/pP-zKooTgio?feature=oembed\" frameborder=\"0\" allowfullscreen><\/iframe><\/p>\n<p>PARA LECTURA EN CASTELLANO:<\/p>\n<p><!--more--><\/p>\n<p>HOY LOS PROFESORES DEL SEMINARIO AUTON\u00d3MICO DE PROFESORES DE CATAL\u00c1N ESTAMOS DE CELEBRACI\u00d3N:<\/p>\n<p>&nbsp;<\/p>\n<p>NOS HACEN ENTREGA DEL PREMIO DESIDERI LOMBARTE 2017!<\/p>\n<p>&nbsp;<\/p>\n<p>El agradecimiento es doble: Por un lado es un reconocimiento a la profesi\u00f3n de maestro y, por otro, a la riqueza del patrimonio ling\u00fc\u00edstico de Arag\u00f3n.<\/p>\n<p>&nbsp;<\/p>\n<p style=\"text-align: justify;\">Queremos compartir y hacer extensivo este premio A TODA LA COMUNIDAD EDUCATIVA: A todo el profesorado y equipo directivo porque han hecho posible la existencia de la asignatura y de los programas de biling\u00fcismo en los centros. Y tambi\u00e9n al alumnado y las familias que han sido los verdaderos pilares de todos estos a\u00f1os.<\/p>\n<p>&nbsp;<\/p>\n<p style=\"text-align: justify;\">En el marco de los actos de celebraci\u00f3n del D\u00eda Europeo de las Lenguas, hoy 29 de septiembre a las 18.00 se entregar\u00e1 en el Pabell\u00f3n Municipal de Alcampell (Huesca) el Premio Desidei Lombarte 2017 que en su segunda edici\u00f3n recaer\u00e1 en el Seminari Auton\u00f2mic de professors\/es de Llengua Catalana, que fue elegido por su inestimable contribuci\u00f3n durante m\u00e1s de 30 a\u00f1os en la normalizaci\u00f3n de la lengua catalana en Arag\u00f3n.<\/p>\n<p style=\"text-align: justify;\">Desde 1984, los profesores que han desarrollado la tarea de la ense\u00f1anza de esta materia se han reunido para coordinar los criterios pedag\u00f3gicos de los docentes aragoneses del \u00e1rea de lengua catalana, han confeccionado materiales y recursos adaptados a las necesidades y a la realidad ling\u00fc\u00edstica aragonesa. El Seminario abarca a todo el profesorado de lengua catalana de todas las etapas educativas y de todo el territorio aragon\u00e9s catalanoparlante, desde sus inicios en los a\u00f1os ochenta hasta la actualidad, contribuyendo a formar pedag\u00f3gicamente al profesorado del \u00e1rea de lengua catalana y colaborando en la dinamizaci\u00f3n cultural de este idioma entre el alumnado.<\/p>\n<p style=\"text-align: justify;\">El Premio Desideri Lombarte reconoce una labor continuada o de especial notoriedad e importancia, en cualquiera de los \u00e1mbitos sociales, culturales, deportivos, art\u00edsticos, econ\u00f3micos, etc. que supongan un destacado beneficio para el catal\u00e1n de Arag\u00f3n.<\/p>\n<p style=\"text-align: justify;\">Para celebrarlo os recomendamos la canci\u00f3n \u201cLa Mestra\u201d del grupo valenciano Zoo que esta semana ha recibido el premio Cerver\u00ed a la mejor canci\u00f3n en catal\u00e1n seg\u00fan los oyentes de Catalunya Radio e Icat FM. https:\/\/www.youtube.com\/watch?v=pP-zKooTgio<\/p>\n<p>&nbsp;<\/p>\n","protected":false},"excerpt":{"rendered":"<p>AVUI EL SEMINARI AUTON\u00d2MIC DE PROFESSORS DE CATAL\u00c0 ESTEM DE CELEBRACI\u00d3: ENS FAN ENTREGA DEL PREMI DESIDERI LOMBARTE 2017! L&#8217;agra\u00efment \u00e9s doble: D&#8217;una banda \u00e9s un reconeixement a la professi\u00f3 de mestre i, de l&#8217;altra, a la riquesa del patrimoni ling\u00fc\u00edstic d&#8217;Arag\u00f3. &nbsp; Volem compartir i fer extensiu aquest premi A TOTA LA COMUNITAT EDUCATIVA: [&hellip;]<\/p>\n","protected":false},"author":1144,"featured_media":0,"comment_status":"open","ping_status":"open","sticky":false,"template":"","format":"standard","meta":{"_monsterinsights_skip_tracking":false,"_monsterinsights_sitenote_active":false,"_monsterinsights_sitenote_note":"","_monsterinsights_sitenote_category":0,"footnotes":""},"categories":[1],"tags":[],"class_list":["post-1460","post","type-post","status-publish","format-standard","hentry","category-sin-categoria"],"_links":{"self":[{"href":"https:\/\/iesjoaquintorres.catedu.es\/index.php?rest_route=\/wp\/v2\/posts\/1460","targetHints":{"allow":["GET"]}}],"collection":[{"href":"https:\/\/iesjoaquintorres.catedu.es\/index.php?rest_route=\/wp\/v2\/posts"}],"about":[{"href":"https:\/\/iesjoaquintorres.catedu.es\/index.php?rest_route=\/wp\/v2\/types\/post"}],"author":[{"embeddable":true,"href":"https:\/\/iesjoaquintorres.catedu.es\/index.php?rest_route=\/wp\/v2\/users\/1144"}],"replies":[{"embeddable":true,"href":"https:\/\/iesjoaquintorres.catedu.es\/index.php?rest_route=%2Fwp%2Fv2%2Fcomments&post=1460"}],"version-history":[{"count":2,"href":"https:\/\/iesjoaquintorres.catedu.es\/index.php?rest_route=\/wp\/v2\/posts\/1460\/revisions"}],"predecessor-version":[{"id":1462,"href":"https:\/\/iesjoaquintorres.catedu.es\/index.php?rest_route=\/wp\/v2\/posts\/1460\/revisions\/1462"}],"wp:attachment":[{"href":"https:\/\/iesjoaquintorres.catedu.es\/index.php?rest_route=%2Fwp%2Fv2%2Fmedia&parent=1460"}],"wp:term":[{"taxonomy":"category","embeddable":true,"href":"https:\/\/iesjoaquintorres.catedu.es\/index.php?rest_route=%2Fwp%2Fv2%2Fcategories&post=1460"},{"taxonomy":"post_tag","embeddable":true,"href":"https:\/\/iesjoaquintorres.catedu.es\/index.php?rest_route=%2Fwp%2Fv2%2Ftags&post=1460"}],"curies":[{"name":"wp","href":"https:\/\/api.w.org\/{rel}","templated":true}]}}