{"id":1523,"date":"2017-11-23T19:21:53","date_gmt":"2017-11-23T19:21:53","guid":{"rendered":"http:\/\/iesjoaquintorres.catedu.es\/?p=1523"},"modified":"2017-11-23T19:21:53","modified_gmt":"2017-11-23T19:21:53","slug":"salida-senderismo-ies-seccion-mequinenza","status":"publish","type":"post","link":"https:\/\/iesjoaquintorres.catedu.es\/?p=1523","title":{"rendered":"Salida senderismo IES Secci\u00f3n Mequinenza"},"content":{"rendered":"<p style=\"text-align: justify;\">Los d\u00edas 6 y 7 de Noviembre todos los cursos de la ESO del IES Secci\u00f3n Mequinenza disfrutaron de una ruta senderista circular con salida y llegada en Mequinenza. \u00c9sta fue organizada por el Departamento de Educaci\u00f3n F\u00edsica, en colaboraci\u00f3n con los Departamentos de Orientaci\u00f3n, Lengua e Ingl\u00e9s.<\/p>\n<p style=\"text-align: center;\"><a href=\"https:\/\/iesjoaquintorres.catedu.es\/?attachment_id=1525\" rel=\"attachment wp-att-1525\"><img loading=\"lazy\" decoding=\"async\" class=\"alignnone size-medium wp-image-1525\" src=\"https:\/\/iesjoaquintorres.catedu.es\/wp-content\/uploads\/sites\/266\/2017\/11\/foto-2-1-300x136.jpg\" alt=\"foto 2\" width=\"300\" height=\"136\" \/><\/a><\/p>\n<p style=\"text-align: center;\"><!--more--><\/p>\n<p style=\"text-align: justify;\">Mequinenza pertenece al lugar donde el R\u00edo Cinca y Segre desembocan en el Ebro. A su vez, el Ebro forma en este lugar dos pantanos sucesivos, uno detr\u00e1s del otro: el Embalse de Caspe y el Embalse de Mequinenza. Durante la caminata las impresionantes vistas cambian constantemente.<\/p>\n<p style=\"text-align: center;\"><a href=\"https:\/\/iesjoaquintorres.catedu.es\/?attachment_id=1524\" rel=\"attachment wp-att-1524\"><img loading=\"lazy\" decoding=\"async\" class=\"alignnone size-medium wp-image-1524\" src=\"https:\/\/iesjoaquintorres.catedu.es\/wp-content\/uploads\/sites\/266\/2017\/11\/foto-1-1-300x225.jpg\" alt=\"foto 1\" width=\"300\" height=\"225\" \/><\/a><\/p>\n<p style=\"text-align: justify;\">A las 8:45h comenzamos a subir ligeramente entre las huertas de \u00e1rboles frutales hasta el empinado pendiente de la muela. Una vez arriba, almorzamos y nos hidratamos bien para continuar descendiendo a trav\u00e9s del Barranco Del Puerto.<\/p>\n<p style=\"text-align: center;\"><a href=\"https:\/\/iesjoaquintorres.catedu.es\/?attachment_id=1526\" rel=\"attachment wp-att-1526\"><img loading=\"lazy\" decoding=\"async\" class=\"alignnone size-medium wp-image-1526\" src=\"https:\/\/iesjoaquintorres.catedu.es\/wp-content\/uploads\/sites\/266\/2017\/11\/foto-3-300x225.jpg\" alt=\"foto 3\" width=\"300\" height=\"225\" \/><\/a><\/p>\n<p>Finalmente, regresamos a Mequinenza a trav\u00e9s de la cresta que domina el embalse del Ebro, pasando por el mirador y el castillo. A las 13:00h, regres\u00e1bamos de nuevo al IES para no perder las dos \u00faltimas horas de clase.<\/p>\n<p><a href=\"https:\/\/iesjoaquintorres.catedu.es\/?attachment_id=1527\" rel=\"attachment wp-att-1527\">\u00a0\u00a0\u00a0\u00a0\u00a0\u00a0\u00a0\u00a0\u00a0\u00a0\u00a0\u00a0\u00a0\u00a0\u00a0\u00a0\u00a0\u00a0\u00a0\u00a0\u00a0\u00a0\u00a0\u00a0\u00a0\u00a0\u00a0\u00a0 <img loading=\"lazy\" decoding=\"async\" class=\"alignnone size-medium wp-image-1527\" src=\"https:\/\/iesjoaquintorres.catedu.es\/wp-content\/uploads\/sites\/266\/2017\/11\/foto-5-300x225.jpg\" alt=\"foto 5\" width=\"300\" height=\"225\" srcset=\"https:\/\/iesjoaquintorres.catedu.es\/wp-content\/uploads\/sites\/266\/2017\/11\/foto-5-300x225.jpg 300w, https:\/\/iesjoaquintorres.catedu.es\/wp-content\/uploads\/sites\/266\/2017\/11\/foto-5-768x576.jpg 768w, https:\/\/iesjoaquintorres.catedu.es\/wp-content\/uploads\/sites\/266\/2017\/11\/foto-5-1024x768.jpg 1024w\" sizes=\"auto, (max-width: 300px) 100vw, 300px\" \/><\/a><a href=\"https:\/\/iesjoaquintorres.catedu.es\/?attachment_id=1528\" rel=\"attachment wp-att-1528\"><img loading=\"lazy\" decoding=\"async\" class=\"alignnone size-medium wp-image-1528\" src=\"https:\/\/iesjoaquintorres.catedu.es\/wp-content\/uploads\/sites\/266\/2017\/11\/foto-4-300x225.jpg\" alt=\"foto 4\" width=\"300\" height=\"225\" \/><\/a><\/p>\n<p style=\"text-align: justify;\">\n<p>&nbsp;<\/p>\n","protected":false},"excerpt":{"rendered":"<p>Los d\u00edas 6 y 7 de Noviembre todos los cursos de la ESO del IES Secci\u00f3n Mequinenza disfrutaron de una ruta senderista circular con salida y llegada en Mequinenza. \u00c9sta fue organizada por el Departamento de Educaci\u00f3n F\u00edsica, en colaboraci\u00f3n con los Departamentos de Orientaci\u00f3n, Lengua e Ingl\u00e9s.<\/p>\n","protected":false},"author":1144,"featured_media":0,"comment_status":"open","ping_status":"open","sticky":false,"template":"","format":"standard","meta":{"_monsterinsights_skip_tracking":false,"_monsterinsights_sitenote_active":false,"_monsterinsights_sitenote_note":"","_monsterinsights_sitenote_category":0,"footnotes":""},"categories":[1],"tags":[],"class_list":["post-1523","post","type-post","status-publish","format-standard","hentry","category-sin-categoria"],"_links":{"self":[{"href":"https:\/\/iesjoaquintorres.catedu.es\/index.php?rest_route=\/wp\/v2\/posts\/1523","targetHints":{"allow":["GET"]}}],"collection":[{"href":"https:\/\/iesjoaquintorres.catedu.es\/index.php?rest_route=\/wp\/v2\/posts"}],"about":[{"href":"https:\/\/iesjoaquintorres.catedu.es\/index.php?rest_route=\/wp\/v2\/types\/post"}],"author":[{"embeddable":true,"href":"https:\/\/iesjoaquintorres.catedu.es\/index.php?rest_route=\/wp\/v2\/users\/1144"}],"replies":[{"embeddable":true,"href":"https:\/\/iesjoaquintorres.catedu.es\/index.php?rest_route=%2Fwp%2Fv2%2Fcomments&post=1523"}],"version-history":[{"count":1,"href":"https:\/\/iesjoaquintorres.catedu.es\/index.php?rest_route=\/wp\/v2\/posts\/1523\/revisions"}],"predecessor-version":[{"id":1529,"href":"https:\/\/iesjoaquintorres.catedu.es\/index.php?rest_route=\/wp\/v2\/posts\/1523\/revisions\/1529"}],"wp:attachment":[{"href":"https:\/\/iesjoaquintorres.catedu.es\/index.php?rest_route=%2Fwp%2Fv2%2Fmedia&parent=1523"}],"wp:term":[{"taxonomy":"category","embeddable":true,"href":"https:\/\/iesjoaquintorres.catedu.es\/index.php?rest_route=%2Fwp%2Fv2%2Fcategories&post=1523"},{"taxonomy":"post_tag","embeddable":true,"href":"https:\/\/iesjoaquintorres.catedu.es\/index.php?rest_route=%2Fwp%2Fv2%2Ftags&post=1523"}],"curies":[{"name":"wp","href":"https:\/\/api.w.org\/{rel}","templated":true}]}}