{"id":1582,"date":"2017-12-23T09:51:02","date_gmt":"2017-12-23T09:51:02","guid":{"rendered":"http:\/\/iesjoaquintorres.catedu.es\/?p=1582"},"modified":"2017-12-23T09:54:32","modified_gmt":"2017-12-23T09:54:32","slug":"jornada-fin-de-trimestre-2","status":"publish","type":"post","link":"https:\/\/iesjoaquintorres.catedu.es\/?p=1582","title":{"rendered":"Jornada fin de trimestre"},"content":{"rendered":"<p>En el Instituto de Mequinenza hemos querido celebrar el final del primer trimestre con una serie de actividades que han tenido lugar el viernes\u00a0 22 de diciembre.<\/p>\n<p>Comenzamos\u00a0 la ma\u00f1ana con la celebraci\u00f3n de la II Mequinkana. 7 equipos formados por alumnos de los cuatro grupos mezclados tuvieron que pasar por las distintas pruebas que sus profesores hab\u00edan preparado para ellos. Os dejamos algunas im\u00e1genes de las pruebas.<\/p>\n<div id='gallery-1' class='gallery galleryid-1582 gallery-columns-3 gallery-size-thumbnail'><dl class='gallery-item'>\n\t\t\t<dt class='gallery-icon landscape'>\n\t\t\t\t<a href='https:\/\/iesjoaquintorres.catedu.es\/?attachment_id=1590'><img loading=\"lazy\" decoding=\"async\" width=\"150\" height=\"150\" src=\"https:\/\/iesjoaquintorres.catedu.es\/wp-content\/uploads\/sites\/266\/2017\/12\/IMG_20171222_094804-150x150.jpg\" class=\"attachment-thumbnail size-thumbnail\" alt=\"\" \/><\/a>\n\t\t\t<\/dt><\/dl>\n\t\t\t<br style='clear: both' \/>\n\t\t<\/div>\n\n<p>&nbsp;<\/p>\n<p>Tras la celebraci\u00f3n de la Mequinkana, el profesor Fernando de Meer junto a distintos grupos de alumnos nos amenizaron la ma\u00f1ana con varias actuaciones musicales.<\/p>\n<div id='gallery-2' class='gallery galleryid-1582 gallery-columns-3 gallery-size-thumbnail'><dl class='gallery-item'>\n\t\t\t<dt class='gallery-icon landscape'>\n\t\t\t\t<a href='https:\/\/iesjoaquintorres.catedu.es\/?attachment_id=1597'><img loading=\"lazy\" decoding=\"async\" width=\"150\" height=\"150\" src=\"https:\/\/iesjoaquintorres.catedu.es\/wp-content\/uploads\/sites\/266\/2017\/12\/IMG_20171222_104245-150x150.jpg\" class=\"attachment-thumbnail size-thumbnail\" alt=\"\" \/><\/a>\n\t\t\t<\/dt><\/dl><dl class='gallery-item'>\n\t\t\t<dt class='gallery-icon landscape'>\n\t\t\t\t<a href='https:\/\/iesjoaquintorres.catedu.es\/?attachment_id=1598'><img loading=\"lazy\" decoding=\"async\" width=\"150\" height=\"150\" src=\"https:\/\/iesjoaquintorres.catedu.es\/wp-content\/uploads\/sites\/266\/2017\/12\/IMG_20171222_104538-150x150.jpg\" class=\"attachment-thumbnail size-thumbnail\" alt=\"\" \/><\/a>\n\t\t\t<\/dt><\/dl><dl class='gallery-item'>\n\t\t\t<dt class='gallery-icon landscape'>\n\t\t\t\t<a href='https:\/\/iesjoaquintorres.catedu.es\/?attachment_id=1599'><img loading=\"lazy\" decoding=\"async\" width=\"150\" height=\"150\" src=\"https:\/\/iesjoaquintorres.catedu.es\/wp-content\/uploads\/sites\/266\/2017\/12\/IMG_20171222_105220-150x150.jpg\" class=\"attachment-thumbnail size-thumbnail\" alt=\"\" \/><\/a>\n\t\t\t<\/dt><\/dl><br style=\"clear: both\" \/><dl class='gallery-item'>\n\t\t\t<dt class='gallery-icon landscape'>\n\t\t\t\t<a href='https:\/\/iesjoaquintorres.catedu.es\/?attachment_id=1600'><img loading=\"lazy\" decoding=\"async\" width=\"150\" height=\"150\" src=\"https:\/\/iesjoaquintorres.catedu.es\/wp-content\/uploads\/sites\/266\/2017\/12\/IMG_20171222_105700-150x150.jpg\" class=\"attachment-thumbnail size-thumbnail\" alt=\"\" \/><\/a>\n\t\t\t<\/dt><\/dl><dl class='gallery-item'>\n\t\t\t<dt class='gallery-icon landscape'>\n\t\t\t\t<a href='https:\/\/iesjoaquintorres.catedu.es\/?attachment_id=1603'><img loading=\"lazy\" decoding=\"async\" width=\"150\" height=\"150\" src=\"https:\/\/iesjoaquintorres.catedu.es\/wp-content\/uploads\/sites\/266\/2017\/12\/IMG-20171223-WA0001-150x150.jpg\" class=\"attachment-thumbnail size-thumbnail\" alt=\"\" \/><\/a>\n\t\t\t<\/dt><\/dl>\n\t\t\t<br style='clear: both' \/>\n\t\t<\/div>\n\n<p>Despu\u00e9s de estas maravillosas actuaciones, la APYMA nos ofreci\u00f3 un reparador almuerzo que todos\u00a0 agradecimos mucho, a base de chocolate y bizcocho. Aprovechamos para agradecer a la Asociaci\u00f3n de Padres y Madres su estrecha colaboraci\u00f3n en las actividades que desarrollamos en el instituto.<\/p>\n<p style=\"text-align: center;\"><a href=\"https:\/\/iesjoaquintorres.catedu.es\/?attachment_id=1604\" rel=\"attachment wp-att-1604\"><img loading=\"lazy\" decoding=\"async\" class=\"alignnone size-medium wp-image-1604\" src=\"https:\/\/iesjoaquintorres.catedu.es\/wp-content\/uploads\/sites\/266\/2017\/12\/IMG_20171222_110840-300x169.jpg\" alt=\"IMG_20171222_110840\" width=\"300\" height=\"169\" \/><\/a><\/p>\n<p style=\"text-align: justify;\">Tras reponer fuerzas con el almuerzo, los\u00a0 alumnos se dividieron en los distintos talleres a los que se hab\u00edan apuntado. Unos fueron al pabell\u00f3n para jugar un torneo de f\u00fatbol, otros participaron en un taller de zumba con la profesora Elisabet Torrent, otros aprendieron a hacer ranas de papel en el taller de papiroflexia que impartieron los profesores Ester Bravo y Juan Molin\u00e9, los aficionados a los videojuegos pudieron jugar gracias al taller que organiz\u00f3 el alumno de 4\u00ba Iv\u00e1n Roca, y por \u00faltimo, algunos alumnos disfrutaron con la versi\u00f3n cinematogr\u00e1fica de Disney del <em>Cuento de Navidad <\/em>de Dickens.<\/p>\n<div id='gallery-3' class='gallery galleryid-1582 gallery-columns-3 gallery-size-thumbnail'><dl class='gallery-item'>\n\t\t\t<dt class='gallery-icon landscape'>\n\t\t\t\t<a href='https:\/\/iesjoaquintorres.catedu.es\/?attachment_id=1606'><img loading=\"lazy\" decoding=\"async\" width=\"150\" height=\"150\" src=\"https:\/\/iesjoaquintorres.catedu.es\/wp-content\/uploads\/sites\/266\/2017\/12\/IMG_20171222_121354-150x150.jpg\" class=\"attachment-thumbnail size-thumbnail\" alt=\"\" \/><\/a>\n\t\t\t<\/dt><\/dl>\n\t\t\t<br style='clear: both' \/>\n\t\t<\/div>\n\n<p>Finaliz\u00f3 la ma\u00f1ana con la entrega de premios:<\/p>\n<p>Primer premio del concurso \u00abConstruyamos un muro contra la violencia de g\u00e9nero\u00bb: <strong>Alberto Llop Vera<\/strong><\/p>\n<p>Primer premio del Concurso \u00abPostales navide\u00f1as\u00bb:<strong> Ian Oriol Borb\u00f3n<\/strong><\/p>\n<p>Menci\u00f3n especial por su participaci\u00f3n en el concurso \u00abPostales navide\u00f1as\u00bb; <strong>Carlos Ortiz Cuch\u00ed<\/strong> e <strong>\u00cdgor Ar\u00e1n Llop<\/strong>.<\/p>\n<p>Equipo ganador de la II Mequinkana:<\/p>\n<ul>\n<li>Luc\u00eda Rojo<\/li>\n<li>Andy S\u00e1nchez<\/li>\n<li>D\u00eddad Riau<\/li>\n<li>Ra\u00fal Roca<\/li>\n<li>Marcos Soler<\/li>\n<li>Assane MBodj<\/li>\n<li>Ana Obiol<\/li>\n<li>\u00c1lex\u00a0 Roca<\/li>\n<li>Nuria S\u00e1nchez<\/li>\n<li>Javier Sanju\u00e1n<\/li>\n<li>Violeta Vizca\u00edno<\/li>\n<\/ul>\n<p>Equipo ganador del torneo de f\u00fabol:<\/p>\n<ul>\n<li>\u00c1lex Moncada<\/li>\n<li>Marc\u00a0 Arbiol<\/li>\n<li>Javier Sanju\u00e1n<\/li>\n<li>Mhamed Chalhi<\/li>\n<li>Iv\u00e1n Aguilar<\/li>\n<li>Jos\u00e9 Garc\u00eda (profesor de franc\u00e9s)<\/li>\n<\/ul>\n<p style=\"text-align: justify;\">Queremos dar las gracias a todos los que hab\u00e9is hecho posible este d\u00eda (profesores, madres y alumnos) por vuestra participaci\u00f3n y vuestro entusiasmo. Ha sido una jornada de convivencia en la que hemos podido divertirnos e interactuar de una manera diferente a como estamos acostumbrados en las clases.<\/p>\n<h2 style=\"text-align: center;\"><em><strong>Felices Fiestas y Pr\u00f3spero A\u00f1o Nuevo 2018<\/strong><\/em><\/h2>\n<p>&nbsp;<\/p>\n<p>&nbsp;<\/p>\n","protected":false},"excerpt":{"rendered":"<p>En el Instituto de Mequinenza hemos querido celebrar el final del primer trimestre con una serie de actividades que han tenido lugar el viernes\u00a0 22 de diciembre. Comenzamos\u00a0 la ma\u00f1ana con la celebraci\u00f3n de la II Mequinkana. 7 equipos formados por alumnos de los cuatro grupos mezclados tuvieron que pasar por las distintas pruebas que [&hellip;]<\/p>\n","protected":false},"author":1144,"featured_media":0,"comment_status":"open","ping_status":"open","sticky":false,"template":"","format":"standard","meta":{"_monsterinsights_skip_tracking":false,"_monsterinsights_sitenote_active":false,"_monsterinsights_sitenote_note":"","_monsterinsights_sitenote_category":0,"footnotes":""},"categories":[1],"tags":[],"class_list":["post-1582","post","type-post","status-publish","format-standard","hentry","category-sin-categoria"],"_links":{"self":[{"href":"https:\/\/iesjoaquintorres.catedu.es\/index.php?rest_route=\/wp\/v2\/posts\/1582","targetHints":{"allow":["GET"]}}],"collection":[{"href":"https:\/\/iesjoaquintorres.catedu.es\/index.php?rest_route=\/wp\/v2\/posts"}],"about":[{"href":"https:\/\/iesjoaquintorres.catedu.es\/index.php?rest_route=\/wp\/v2\/types\/post"}],"author":[{"embeddable":true,"href":"https:\/\/iesjoaquintorres.catedu.es\/index.php?rest_route=\/wp\/v2\/users\/1144"}],"replies":[{"embeddable":true,"href":"https:\/\/iesjoaquintorres.catedu.es\/index.php?rest_route=%2Fwp%2Fv2%2Fcomments&post=1582"}],"version-history":[{"count":3,"href":"https:\/\/iesjoaquintorres.catedu.es\/index.php?rest_route=\/wp\/v2\/posts\/1582\/revisions"}],"predecessor-version":[{"id":1611,"href":"https:\/\/iesjoaquintorres.catedu.es\/index.php?rest_route=\/wp\/v2\/posts\/1582\/revisions\/1611"}],"wp:attachment":[{"href":"https:\/\/iesjoaquintorres.catedu.es\/index.php?rest_route=%2Fwp%2Fv2%2Fmedia&parent=1582"}],"wp:term":[{"taxonomy":"category","embeddable":true,"href":"https:\/\/iesjoaquintorres.catedu.es\/index.php?rest_route=%2Fwp%2Fv2%2Fcategories&post=1582"},{"taxonomy":"post_tag","embeddable":true,"href":"https:\/\/iesjoaquintorres.catedu.es\/index.php?rest_route=%2Fwp%2Fv2%2Ftags&post=1582"}],"curies":[{"name":"wp","href":"https:\/\/api.w.org\/{rel}","templated":true}]}}