{"id":1744,"date":"2018-05-15T08:09:17","date_gmt":"2018-05-15T08:09:17","guid":{"rendered":"http:\/\/iesjoaquintorres.catedu.es\/?p=1744"},"modified":"2018-05-15T08:09:17","modified_gmt":"2018-05-15T08:09:17","slug":"actividad-medioambiental-mejorando-el-agua-de-nuestro-entorno","status":"publish","type":"post","link":"https:\/\/iesjoaquintorres.catedu.es\/?p=1744","title":{"rendered":"ACTIVIDAD MEDIOAMBIENTAL \u201cMEJORANDO EL AGUA DE NUESTRO ENTORNO\u201d"},"content":{"rendered":"<p style=\"text-align: center;\"><a href=\"https:\/\/iesjoaquintorres.catedu.es\/?attachment_id=1745\" rel=\"attachment wp-att-1745\"><img loading=\"lazy\" decoding=\"async\" class=\"alignnone size-medium wp-image-1745\" src=\"https:\/\/iesjoaquintorres.catedu.es\/wp-content\/uploads\/sites\/266\/2018\/05\/fotograf\u00eda-sin-t\u00edtulo-1808670-300x200.jpg\" alt=\"fotograf\u00eda sin t\u00edtulo-1808670\" width=\"300\" height=\"200\" \/><\/a><\/p>\n<p>El martes 10 de abril los alumnos de primero y segundo de E.S.O. \u00a0y varios profesores de la secci\u00f3n de Mequineza del IES Bajo Cinca, participaron en la actividad medioambiental \u201cMejorando el agua de nuestro r\u00edo\u201d. Dicha actividad fue realizada en colaboraci\u00f3n conjunta de P&amp;G Mequinenza, Ayuntamiento de Mequinenza, Club Remo Capri y Asociaci\u00f3n de Pesca \u201cEl Siluro\u201d, adem\u00e1s de alumnos de nuestro centro tambi\u00e9n participaron alumnos del colegio \u201cMar\u00eda Quintana\u201d<\/p>\n<p>&nbsp;<\/p>\n<p>Los alumnos recibieron una charla informativa sobre contaminaci\u00f3n de aguas, en la que fueron informados de la existencia de las llamadas \u201cislas de pl\u00e1stico\u201d en algunos oc\u00e9anos, de la existencia de lugares en donde la poblaci\u00f3n no tiene acceso a agua potable y de medidas en la que ha participado la multinacional P&amp;G para paliar estas situaciones. Con esta charla se intent\u00f3 que los alumnos tomasen conciencia de que est\u00e1 en sus manos colaborar para impedir que se deteriore la calidad del agua y adem\u00e1s valoren la importancia de disponer de agua potable, derecho al que tristemente, no todos los seres humanos tienen acceso. En esta charla tambi\u00e9n se les inform\u00f3 de c\u00f3mo se iba a realizar la limpieza del r\u00edo y de las normas de seguridad que deb\u00edan seguir. Al finalizar esta charla, P&amp;G reparti\u00f3 el material necesario para la limpieza del tramo de la orilla del r\u00edo Segre, del que se deb\u00edan de ocupar nuestro alumno.<\/p>\n<p>&nbsp;<\/p>\n<p>Los alumnos participaron con entusiasmo en la recogida de basura, mejorando su entorno natural m\u00e1s cercano, y a pesar del fr\u00edo pasamos un bonita ma\u00f1ana junto con el personal de P&amp;G que nos acompa\u00f1\u00f3.<\/p>\n<p>&nbsp;<\/p>\n<div id='gallery-1' class='gallery galleryid-1744 gallery-columns-3 gallery-size-medium'><dl class='gallery-item'>\n\t\t\t<dt class='gallery-icon landscape'>\n\t\t\t\t<a href='https:\/\/iesjoaquintorres.catedu.es\/?attachment_id=1747'><img loading=\"lazy\" decoding=\"async\" width=\"300\" height=\"200\" src=\"https:\/\/iesjoaquintorres.catedu.es\/wp-content\/uploads\/sites\/266\/2018\/05\/fotograf\u00eda-sin-t\u00edtulo-1808520-300x200.jpg\" class=\"attachment-medium size-medium\" alt=\"\" srcset=\"https:\/\/iesjoaquintorres.catedu.es\/wp-content\/uploads\/sites\/266\/2018\/05\/fotograf\u00eda-sin-t\u00edtulo-1808520-300x200.jpg 300w, https:\/\/iesjoaquintorres.catedu.es\/wp-content\/uploads\/sites\/266\/2018\/05\/fotograf\u00eda-sin-t\u00edtulo-1808520-768x513.jpg 768w, https:\/\/iesjoaquintorres.catedu.es\/wp-content\/uploads\/sites\/266\/2018\/05\/fotograf\u00eda-sin-t\u00edtulo-1808520-1024x683.jpg 1024w\" sizes=\"auto, (max-width: 300px) 100vw, 300px\" \/><\/a>\n\t\t\t<\/dt><\/dl><dl class='gallery-item'>\n\t\t\t<dt class='gallery-icon landscape'>\n\t\t\t\t<a href='https:\/\/iesjoaquintorres.catedu.es\/?attachment_id=1749'><img loading=\"lazy\" decoding=\"async\" width=\"300\" height=\"200\" src=\"https:\/\/iesjoaquintorres.catedu.es\/wp-content\/uploads\/sites\/266\/2018\/05\/fotograf\u00eda-sin-t\u00edtulo-1808559-300x200.jpg\" class=\"attachment-medium size-medium\" alt=\"\" srcset=\"https:\/\/iesjoaquintorres.catedu.es\/wp-content\/uploads\/sites\/266\/2018\/05\/fotograf\u00eda-sin-t\u00edtulo-1808559-300x200.jpg 300w, https:\/\/iesjoaquintorres.catedu.es\/wp-content\/uploads\/sites\/266\/2018\/05\/fotograf\u00eda-sin-t\u00edtulo-1808559-768x513.jpg 768w, https:\/\/iesjoaquintorres.catedu.es\/wp-content\/uploads\/sites\/266\/2018\/05\/fotograf\u00eda-sin-t\u00edtulo-1808559-1024x683.jpg 1024w\" sizes=\"auto, (max-width: 300px) 100vw, 300px\" \/><\/a>\n\t\t\t<\/dt><\/dl><dl class='gallery-item'>\n\t\t\t<dt class='gallery-icon landscape'>\n\t\t\t\t<a href='https:\/\/iesjoaquintorres.catedu.es\/?attachment_id=1750'><img loading=\"lazy\" decoding=\"async\" width=\"300\" height=\"200\" src=\"https:\/\/iesjoaquintorres.catedu.es\/wp-content\/uploads\/sites\/266\/2018\/05\/fotograf\u00eda-sin-t\u00edtulo-1808573-300x200.jpg\" class=\"attachment-medium size-medium\" alt=\"\" srcset=\"https:\/\/iesjoaquintorres.catedu.es\/wp-content\/uploads\/sites\/266\/2018\/05\/fotograf\u00eda-sin-t\u00edtulo-1808573-300x200.jpg 300w, https:\/\/iesjoaquintorres.catedu.es\/wp-content\/uploads\/sites\/266\/2018\/05\/fotograf\u00eda-sin-t\u00edtulo-1808573-768x513.jpg 768w, https:\/\/iesjoaquintorres.catedu.es\/wp-content\/uploads\/sites\/266\/2018\/05\/fotograf\u00eda-sin-t\u00edtulo-1808573-1024x683.jpg 1024w\" sizes=\"auto, (max-width: 300px) 100vw, 300px\" \/><\/a>\n\t\t\t<\/dt><\/dl><br style=\"clear: both\" \/><dl class='gallery-item'>\n\t\t\t<dt class='gallery-icon landscape'>\n\t\t\t\t<a href='https:\/\/iesjoaquintorres.catedu.es\/?attachment_id=1751'><img loading=\"lazy\" decoding=\"async\" width=\"300\" height=\"200\" src=\"https:\/\/iesjoaquintorres.catedu.es\/wp-content\/uploads\/sites\/266\/2018\/05\/fotograf\u00eda-sin-t\u00edtulo-1808614-300x200.jpg\" class=\"attachment-medium size-medium\" alt=\"\" srcset=\"https:\/\/iesjoaquintorres.catedu.es\/wp-content\/uploads\/sites\/266\/2018\/05\/fotograf\u00eda-sin-t\u00edtulo-1808614-300x200.jpg 300w, https:\/\/iesjoaquintorres.catedu.es\/wp-content\/uploads\/sites\/266\/2018\/05\/fotograf\u00eda-sin-t\u00edtulo-1808614-768x513.jpg 768w, https:\/\/iesjoaquintorres.catedu.es\/wp-content\/uploads\/sites\/266\/2018\/05\/fotograf\u00eda-sin-t\u00edtulo-1808614-1024x683.jpg 1024w\" sizes=\"auto, (max-width: 300px) 100vw, 300px\" \/><\/a>\n\t\t\t<\/dt><\/dl><dl class='gallery-item'>\n\t\t\t<dt class='gallery-icon portrait'>\n\t\t\t\t<a href='https:\/\/iesjoaquintorres.catedu.es\/?attachment_id=1752'><img loading=\"lazy\" decoding=\"async\" width=\"200\" height=\"300\" src=\"https:\/\/iesjoaquintorres.catedu.es\/wp-content\/uploads\/sites\/266\/2018\/05\/fotograf\u00eda-sin-t\u00edtulo-1808648-200x300.jpg\" class=\"attachment-medium size-medium\" alt=\"\" srcset=\"https:\/\/iesjoaquintorres.catedu.es\/wp-content\/uploads\/sites\/266\/2018\/05\/fotograf\u00eda-sin-t\u00edtulo-1808648-200x300.jpg 200w, https:\/\/iesjoaquintorres.catedu.es\/wp-content\/uploads\/sites\/266\/2018\/05\/fotograf\u00eda-sin-t\u00edtulo-1808648-768x1151.jpg 768w, https:\/\/iesjoaquintorres.catedu.es\/wp-content\/uploads\/sites\/266\/2018\/05\/fotograf\u00eda-sin-t\u00edtulo-1808648-683x1024.jpg 683w\" sizes=\"auto, (max-width: 200px) 100vw, 200px\" \/><\/a>\n\t\t\t<\/dt><\/dl><dl class='gallery-item'>\n\t\t\t<dt class='gallery-icon landscape'>\n\t\t\t\t<a href='https:\/\/iesjoaquintorres.catedu.es\/?attachment_id=1754'><img loading=\"lazy\" decoding=\"async\" width=\"300\" height=\"200\" src=\"https:\/\/iesjoaquintorres.catedu.es\/wp-content\/uploads\/sites\/266\/2018\/05\/PG-2018-6390-300x200.jpg\" class=\"attachment-medium size-medium\" alt=\"\" srcset=\"https:\/\/iesjoaquintorres.catedu.es\/wp-content\/uploads\/sites\/266\/2018\/05\/PG-2018-6390-300x200.jpg 300w, https:\/\/iesjoaquintorres.catedu.es\/wp-content\/uploads\/sites\/266\/2018\/05\/PG-2018-6390-768x513.jpg 768w, https:\/\/iesjoaquintorres.catedu.es\/wp-content\/uploads\/sites\/266\/2018\/05\/PG-2018-6390-1024x684.jpg 1024w\" sizes=\"auto, (max-width: 300px) 100vw, 300px\" \/><\/a>\n\t\t\t<\/dt><\/dl><br style=\"clear: both\" \/>\n\t\t<\/div>\n\n","protected":false},"excerpt":{"rendered":"<p>El martes 10 de abril los alumnos de primero y segundo de E.S.O. \u00a0y varios profesores de la secci\u00f3n de Mequineza del IES Bajo Cinca, participaron en la actividad medioambiental \u201cMejorando el agua de nuestro r\u00edo\u201d. Dicha actividad fue realizada en colaboraci\u00f3n conjunta de P&amp;G Mequinenza, Ayuntamiento de Mequinenza, Club Remo Capri y Asociaci\u00f3n de [&hellip;]<\/p>\n","protected":false},"author":1144,"featured_media":0,"comment_status":"open","ping_status":"open","sticky":false,"template":"","format":"standard","meta":{"_monsterinsights_skip_tracking":false,"_monsterinsights_sitenote_active":false,"_monsterinsights_sitenote_note":"","_monsterinsights_sitenote_category":0,"footnotes":""},"categories":[1],"tags":[],"class_list":["post-1744","post","type-post","status-publish","format-standard","hentry","category-sin-categoria"],"_links":{"self":[{"href":"https:\/\/iesjoaquintorres.catedu.es\/index.php?rest_route=\/wp\/v2\/posts\/1744","targetHints":{"allow":["GET"]}}],"collection":[{"href":"https:\/\/iesjoaquintorres.catedu.es\/index.php?rest_route=\/wp\/v2\/posts"}],"about":[{"href":"https:\/\/iesjoaquintorres.catedu.es\/index.php?rest_route=\/wp\/v2\/types\/post"}],"author":[{"embeddable":true,"href":"https:\/\/iesjoaquintorres.catedu.es\/index.php?rest_route=\/wp\/v2\/users\/1144"}],"replies":[{"embeddable":true,"href":"https:\/\/iesjoaquintorres.catedu.es\/index.php?rest_route=%2Fwp%2Fv2%2Fcomments&post=1744"}],"version-history":[{"count":1,"href":"https:\/\/iesjoaquintorres.catedu.es\/index.php?rest_route=\/wp\/v2\/posts\/1744\/revisions"}],"predecessor-version":[{"id":1755,"href":"https:\/\/iesjoaquintorres.catedu.es\/index.php?rest_route=\/wp\/v2\/posts\/1744\/revisions\/1755"}],"wp:attachment":[{"href":"https:\/\/iesjoaquintorres.catedu.es\/index.php?rest_route=%2Fwp%2Fv2%2Fmedia&parent=1744"}],"wp:term":[{"taxonomy":"category","embeddable":true,"href":"https:\/\/iesjoaquintorres.catedu.es\/index.php?rest_route=%2Fwp%2Fv2%2Fcategories&post=1744"},{"taxonomy":"post_tag","embeddable":true,"href":"https:\/\/iesjoaquintorres.catedu.es\/index.php?rest_route=%2Fwp%2Fv2%2Ftags&post=1744"}],"curies":[{"name":"wp","href":"https:\/\/api.w.org\/{rel}","templated":true}]}}