{"id":2027,"date":"2018-11-25T15:17:01","date_gmt":"2018-11-25T15:17:01","guid":{"rendered":"http:\/\/iesjoaquintorres.catedu.es\/?p=2027"},"modified":"2018-11-29T11:08:37","modified_gmt":"2018-11-29T11:08:37","slug":"25-de-noviembre-dia-internacional-contra-la-violencia-de-genero","status":"publish","type":"post","link":"https:\/\/iesjoaquintorres.catedu.es\/?p=2027","title":{"rendered":"25 de noviembre, \u00abD\u00cdA INTERNACIONAL CONTRA LA VIOLENCIA DE G\u00c9NERO\u00bb"},"content":{"rendered":"<p>El pasado viernes, con motivo del \u00abD\u00eda Internacional contra la Violencia de G\u00e9nero\u00bb, el I.E.S. de Mequinenza organiz\u00f3 un programa de Actividades y Talleres que se desarrollaron a lo largo de la jornada escolar.<\/p>\n<p><a href=\"https:\/\/iesjoaquintorres.catedu.es\/wp-content\/uploads\/sites\/266\/2018\/11\/PROGRAMA-ACTIVIDADES-DIA-MUNDIA-CONTRA-LA-VIOLENCIA-DE-G\u00c9NERO.pdf\">PROGRAMA ACTIVIDADES DIA MUNDIA CONTRA LA VIOLENCIA DE G\u00c9NERO<\/a><\/p>\n<p><iframe loading=\"lazy\" width=\"720\" height=\"405\" src=\"https:\/\/www.youtube.com\/embed\/1xinTf3rFEc?feature=oembed\" frameborder=\"0\" allow=\"accelerometer; autoplay; encrypted-media; gyroscope; picture-in-picture\" allowfullscreen><\/iframe><\/p>\n<p>Para finalizar, nuestra compa\u00f1era Bego\u00f1a (en calidad de Presidenta de la asociaci\u00f3n \u00abLa Dona\u00bb) ley\u00f3 un manifiesto donde se invit\u00f3 a asistir a todos los ciudadanos de Mequinenza y que, posteriormente, nuestros alumnos tradujeron a franc\u00e9s, ingl\u00e9s y catal\u00e1n.<\/p>\n<p><iframe loading=\"lazy\" width=\"720\" height=\"405\" src=\"https:\/\/www.youtube.com\/embed\/CSq9gPfM_LI?feature=oembed\" frameborder=\"0\" allow=\"accelerometer; autoplay; encrypted-media; gyroscope; picture-in-picture\" allowfullscreen><\/iframe><\/p>\n<p><iframe loading=\"lazy\" width=\"720\" height=\"405\" src=\"https:\/\/www.youtube.com\/embed\/jeoFgDMbD9A?feature=oembed\" frameborder=\"0\" allow=\"accelerometer; autoplay; encrypted-media; gyroscope; picture-in-picture\" allowfullscreen><\/iframe><\/p>\n","protected":false},"excerpt":{"rendered":"<p>El pasado viernes, con motivo del \u00abD\u00eda Internacional contra la Violencia de G\u00e9nero\u00bb, el I.E.S. de Mequinenza organiz\u00f3 un programa de Actividades y Talleres que se desarrollaron a lo largo de la jornada escolar. PROGRAMA ACTIVIDADES DIA MUNDIA CONTRA LA VIOLENCIA DE G\u00c9NERO Para finalizar, nuestra compa\u00f1era Bego\u00f1a (en calidad de Presidenta de la asociaci\u00f3n [&hellip;]<\/p>\n","protected":false},"author":1144,"featured_media":0,"comment_status":"open","ping_status":"open","sticky":false,"template":"","format":"standard","meta":{"_monsterinsights_skip_tracking":false,"_monsterinsights_sitenote_active":false,"_monsterinsights_sitenote_note":"","_monsterinsights_sitenote_category":0,"footnotes":""},"categories":[1],"tags":[],"class_list":["post-2027","post","type-post","status-publish","format-standard","hentry","category-sin-categoria"],"_links":{"self":[{"href":"https:\/\/iesjoaquintorres.catedu.es\/index.php?rest_route=\/wp\/v2\/posts\/2027","targetHints":{"allow":["GET"]}}],"collection":[{"href":"https:\/\/iesjoaquintorres.catedu.es\/index.php?rest_route=\/wp\/v2\/posts"}],"about":[{"href":"https:\/\/iesjoaquintorres.catedu.es\/index.php?rest_route=\/wp\/v2\/types\/post"}],"author":[{"embeddable":true,"href":"https:\/\/iesjoaquintorres.catedu.es\/index.php?rest_route=\/wp\/v2\/users\/1144"}],"replies":[{"embeddable":true,"href":"https:\/\/iesjoaquintorres.catedu.es\/index.php?rest_route=%2Fwp%2Fv2%2Fcomments&post=2027"}],"version-history":[{"count":3,"href":"https:\/\/iesjoaquintorres.catedu.es\/index.php?rest_route=\/wp\/v2\/posts\/2027\/revisions"}],"predecessor-version":[{"id":2042,"href":"https:\/\/iesjoaquintorres.catedu.es\/index.php?rest_route=\/wp\/v2\/posts\/2027\/revisions\/2042"}],"wp:attachment":[{"href":"https:\/\/iesjoaquintorres.catedu.es\/index.php?rest_route=%2Fwp%2Fv2%2Fmedia&parent=2027"}],"wp:term":[{"taxonomy":"category","embeddable":true,"href":"https:\/\/iesjoaquintorres.catedu.es\/index.php?rest_route=%2Fwp%2Fv2%2Fcategories&post=2027"},{"taxonomy":"post_tag","embeddable":true,"href":"https:\/\/iesjoaquintorres.catedu.es\/index.php?rest_route=%2Fwp%2Fv2%2Ftags&post=2027"}],"curies":[{"name":"wp","href":"https:\/\/api.w.org\/{rel}","templated":true}]}}