{"id":2073,"date":"2019-02-21T08:34:43","date_gmt":"2019-02-21T08:34:43","guid":{"rendered":"http:\/\/iesjoaquintorres.catedu.es\/?p=2073"},"modified":"2019-02-25T13:21:40","modified_gmt":"2019-02-25T13:21:40","slug":"dia-internacional-de-la-lengua-materna","status":"publish","type":"post","link":"https:\/\/iesjoaquintorres.catedu.es\/?p=2073","title":{"rendered":"D\u00eda Internacional de la Lengua Materna"},"content":{"rendered":"<p>El d\u00eda 21 de febrero se celebra \u201cel d\u00eda Internacional de la Lengua Materna\u201d. Este d\u00eda fue establecido por la UNESCO con el objetivo de promover el multiling\u00fcismo y la diversidad cultural.<br \/>\nComo no pod\u00eda ser de otra manera, el I.E.S. Joaqu\u00edn Torres de MEQUINENZA ha querido conmemorar este d\u00eda realizando el siguiente v\u00eddeo.<\/p>\n<p><iframe loading=\"lazy\" width=\"720\" height=\"405\" src=\"https:\/\/www.youtube.com\/embed\/RrloWSiUkeQ?feature=oembed\" frameborder=\"0\" allow=\"accelerometer; autoplay; encrypted-media; gyroscope; picture-in-picture\" allowfullscreen><\/iframe><\/p>\n","protected":false},"excerpt":{"rendered":"<p>El d\u00eda 21 de febrero se celebra \u201cel d\u00eda Internacional de la Lengua Materna\u201d. Este d\u00eda fue establecido por la UNESCO con el objetivo de promover el multiling\u00fcismo y la diversidad cultural. Como no pod\u00eda ser de otra manera, el I.E.S. Joaqu\u00edn Torres de MEQUINENZA ha querido conmemorar este d\u00eda realizando el siguiente v\u00eddeo.<\/p>\n","protected":false},"author":1144,"featured_media":0,"comment_status":"open","ping_status":"open","sticky":false,"template":"","format":"standard","meta":{"_monsterinsights_skip_tracking":false,"_monsterinsights_sitenote_active":false,"_monsterinsights_sitenote_note":"","_monsterinsights_sitenote_category":0,"footnotes":""},"categories":[1],"tags":[],"class_list":["post-2073","post","type-post","status-publish","format-standard","hentry","category-sin-categoria"],"_links":{"self":[{"href":"https:\/\/iesjoaquintorres.catedu.es\/index.php?rest_route=\/wp\/v2\/posts\/2073","targetHints":{"allow":["GET"]}}],"collection":[{"href":"https:\/\/iesjoaquintorres.catedu.es\/index.php?rest_route=\/wp\/v2\/posts"}],"about":[{"href":"https:\/\/iesjoaquintorres.catedu.es\/index.php?rest_route=\/wp\/v2\/types\/post"}],"author":[{"embeddable":true,"href":"https:\/\/iesjoaquintorres.catedu.es\/index.php?rest_route=\/wp\/v2\/users\/1144"}],"replies":[{"embeddable":true,"href":"https:\/\/iesjoaquintorres.catedu.es\/index.php?rest_route=%2Fwp%2Fv2%2Fcomments&post=2073"}],"version-history":[{"count":4,"href":"https:\/\/iesjoaquintorres.catedu.es\/index.php?rest_route=\/wp\/v2\/posts\/2073\/revisions"}],"predecessor-version":[{"id":2084,"href":"https:\/\/iesjoaquintorres.catedu.es\/index.php?rest_route=\/wp\/v2\/posts\/2073\/revisions\/2084"}],"wp:attachment":[{"href":"https:\/\/iesjoaquintorres.catedu.es\/index.php?rest_route=%2Fwp%2Fv2%2Fmedia&parent=2073"}],"wp:term":[{"taxonomy":"category","embeddable":true,"href":"https:\/\/iesjoaquintorres.catedu.es\/index.php?rest_route=%2Fwp%2Fv2%2Fcategories&post=2073"},{"taxonomy":"post_tag","embeddable":true,"href":"https:\/\/iesjoaquintorres.catedu.es\/index.php?rest_route=%2Fwp%2Fv2%2Ftags&post=2073"}],"curies":[{"name":"wp","href":"https:\/\/api.w.org\/{rel}","templated":true}]}}