{"id":3825,"date":"2024-12-11T07:48:54","date_gmt":"2024-12-11T07:48:54","guid":{"rendered":"https:\/\/iesjoaquintorres.catedu.es\/?p=3825"},"modified":"2024-12-11T07:50:12","modified_gmt":"2024-12-11T07:50:12","slug":"mercadillo-solidario-de-libros","status":"publish","type":"post","link":"https:\/\/iesjoaquintorres.catedu.es\/?p=3825","title":{"rendered":"Mercadillo solidario de libros"},"content":{"rendered":"\n<p>El equipo de Animaci\u00f3n a la lectura del centro ha decidido hacer un mercadillo solidario de libros. La venta de libros se har\u00e1 durante los recreos de la ma\u00f1ana del viernes 13 de diciembre.<\/p>\n\n\n\n<p>Desde hacia varios d\u00edas estamos aceptando libros en el centro, con el fin de venderlos por el m\u00f3dico precio de 1\u20ac.<\/p>\n\n\n\n<p>Los libros se pueden donar dej\u00e1ndolos en la caja que hay junto al stand de Poes\u00eda para llevar, al lado de la biblioteca del centro.<\/p>\n\n\n\n<p>La recaudaci\u00f3n que se consiga ser\u00e1 enviada a la Cruz Roja, con el fin de que destine el importe a socorrer a los afectados por la DANA de Valencia, ocurrida ahora hace algo m\u00e1s de un mes. Asimismo, los libros que sobren ser\u00e1n tambi\u00e9n donados, de modo que puedan servir para reequipar alguna biblioteca en aquella zona.<\/p>\n\n\n\n<p>Como todas las acciones desinteresadas, esta es voluntaria, naturalmente; en este caso, tanto donar libros como comprarlos.<\/p>\n\n\n\n<p>Un saludo en el nombre del equipo de Animaci\u00f3n a la lectura del centro.<\/p>\n\n\n","protected":false},"excerpt":{"rendered":"<p>El equipo de Animaci\u00f3n a la lectura del centro ha decidido hacer un mercadillo solidario de libros. La venta de libros se har\u00e1 durante los recreos de la ma\u00f1ana del viernes 13 de diciembre. Desde hacia varios d\u00edas estamos aceptando libros en el centro, con el fin de venderlos por el m\u00f3dico precio de 1\u20ac. [&hellip;]<\/p>\n","protected":false},"author":1144,"featured_media":0,"comment_status":"closed","ping_status":"closed","sticky":false,"template":"","format":"standard","meta":{"_uag_custom_page_level_css":"","_monsterinsights_skip_tracking":false,"_monsterinsights_sitenote_active":false,"_monsterinsights_sitenote_note":"","_monsterinsights_sitenote_category":0,"footnotes":""},"categories":[1],"tags":[],"class_list":["post-3825","post","type-post","status-publish","format-standard","hentry","category-sin-categoria"],"uagb_featured_image_src":{"full":false,"thumbnail":false,"medium":false,"medium_large":false,"large":false,"1536x1536":false,"2048x2048":false,"post-thumbnail":false},"uagb_author_info":{"display_name":"iesjoaquintorres","author_link":"https:\/\/iesjoaquintorres.catedu.es\/?author=1144"},"uagb_comment_info":0,"uagb_excerpt":"El equipo de Animaci\u00f3n a la lectura del centro ha decidido hacer un mercadillo solidario de libros. La venta de libros se har\u00e1 durante los recreos de la ma\u00f1ana del viernes 13 de diciembre. Desde hacia varios d\u00edas estamos aceptando libros en el centro, con el fin de venderlos por el m\u00f3dico precio de 1\u20ac.&hellip;","_links":{"self":[{"href":"https:\/\/iesjoaquintorres.catedu.es\/index.php?rest_route=\/wp\/v2\/posts\/3825","targetHints":{"allow":["GET"]}}],"collection":[{"href":"https:\/\/iesjoaquintorres.catedu.es\/index.php?rest_route=\/wp\/v2\/posts"}],"about":[{"href":"https:\/\/iesjoaquintorres.catedu.es\/index.php?rest_route=\/wp\/v2\/types\/post"}],"author":[{"embeddable":true,"href":"https:\/\/iesjoaquintorres.catedu.es\/index.php?rest_route=\/wp\/v2\/users\/1144"}],"replies":[{"embeddable":true,"href":"https:\/\/iesjoaquintorres.catedu.es\/index.php?rest_route=%2Fwp%2Fv2%2Fcomments&post=3825"}],"version-history":[{"count":2,"href":"https:\/\/iesjoaquintorres.catedu.es\/index.php?rest_route=\/wp\/v2\/posts\/3825\/revisions"}],"predecessor-version":[{"id":3827,"href":"https:\/\/iesjoaquintorres.catedu.es\/index.php?rest_route=\/wp\/v2\/posts\/3825\/revisions\/3827"}],"wp:attachment":[{"href":"https:\/\/iesjoaquintorres.catedu.es\/index.php?rest_route=%2Fwp%2Fv2%2Fmedia&parent=3825"}],"wp:term":[{"taxonomy":"category","embeddable":true,"href":"https:\/\/iesjoaquintorres.catedu.es\/index.php?rest_route=%2Fwp%2Fv2%2Fcategories&post=3825"},{"taxonomy":"post_tag","embeddable":true,"href":"https:\/\/iesjoaquintorres.catedu.es\/index.php?rest_route=%2Fwp%2Fv2%2Ftags&post=3825"}],"curies":[{"name":"wp","href":"https:\/\/api.w.org\/{rel}","templated":true}]}}