{"id":3835,"date":"2024-12-18T08:06:23","date_gmt":"2024-12-18T08:06:23","guid":{"rendered":"https:\/\/iesjoaquintorres.catedu.es\/?p=3835"},"modified":"2024-12-18T08:06:23","modified_gmt":"2024-12-18T08:06:23","slug":"mercadillo-solidario-de-libros-2","status":"publish","type":"post","link":"https:\/\/iesjoaquintorres.catedu.es\/?p=3835","title":{"rendered":"Mercadillo solidario de libros"},"content":{"rendered":"\n<p>Debido a la gran aceptaci\u00f3n del evento la semana pasada, se ha decidido volver a presentar el mercadillo de libros este viernes d\u00eda 20 de diciembre, entre las actividades que se realizar\u00e1n en la jornada de ese d\u00eda.<\/p>\n\n\n\n<div class=\"wp-block-columns is-layout-flex wp-container-core-columns-is-layout-9d6595d7 wp-block-columns-is-layout-flex\">\n<div class=\"wp-block-column is-layout-flow wp-block-column-is-layout-flow\">\n<figure class=\"wp-block-image size-large\"><a href=\"https:\/\/iesjoaquintorres.catedu.es\/wp-content\/uploads\/sites\/266\/2024\/12\/IMG-20241217-WA0001.jpg\"><img loading=\"lazy\" decoding=\"async\" width=\"1024\" height=\"1024\" src=\"https:\/\/iesjoaquintorres.catedu.es\/wp-content\/uploads\/sites\/266\/2024\/12\/IMG-20241217-WA0001-1024x1024.jpg\" alt=\"\" class=\"wp-image-3836\" srcset=\"https:\/\/iesjoaquintorres.catedu.es\/wp-content\/uploads\/sites\/266\/2024\/12\/IMG-20241217-WA0001-1024x1024.jpg 1024w, https:\/\/iesjoaquintorres.catedu.es\/wp-content\/uploads\/sites\/266\/2024\/12\/IMG-20241217-WA0001-300x300.jpg 300w, https:\/\/iesjoaquintorres.catedu.es\/wp-content\/uploads\/sites\/266\/2024\/12\/IMG-20241217-WA0001-150x150.jpg 150w, https:\/\/iesjoaquintorres.catedu.es\/wp-content\/uploads\/sites\/266\/2024\/12\/IMG-20241217-WA0001-768x768.jpg 768w, https:\/\/iesjoaquintorres.catedu.es\/wp-content\/uploads\/sites\/266\/2024\/12\/IMG-20241217-WA0001-1536x1536.jpg 1536w, https:\/\/iesjoaquintorres.catedu.es\/wp-content\/uploads\/sites\/266\/2024\/12\/IMG-20241217-WA0001.jpg 2048w\" sizes=\"auto, (max-width: 1024px) 100vw, 1024px\" \/><\/a><\/figure>\n<\/div>\n\n\n\n<div class=\"wp-block-column is-layout-flow wp-block-column-is-layout-flow\">\n<figure class=\"wp-block-image size-large\"><a href=\"https:\/\/iesjoaquintorres.catedu.es\/wp-content\/uploads\/sites\/266\/2024\/12\/IMG20241213130312-scaled.jpg\"><img loading=\"lazy\" decoding=\"async\" width=\"1024\" height=\"768\" src=\"https:\/\/iesjoaquintorres.catedu.es\/wp-content\/uploads\/sites\/266\/2024\/12\/IMG20241213130312-1024x768.jpg\" alt=\"\" class=\"wp-image-3837\" srcset=\"https:\/\/iesjoaquintorres.catedu.es\/wp-content\/uploads\/sites\/266\/2024\/12\/IMG20241213130312-1024x768.jpg 1024w, https:\/\/iesjoaquintorres.catedu.es\/wp-content\/uploads\/sites\/266\/2024\/12\/IMG20241213130312-300x225.jpg 300w, https:\/\/iesjoaquintorres.catedu.es\/wp-content\/uploads\/sites\/266\/2024\/12\/IMG20241213130312-768x576.jpg 768w, https:\/\/iesjoaquintorres.catedu.es\/wp-content\/uploads\/sites\/266\/2024\/12\/IMG20241213130312-1536x1152.jpg 1536w, https:\/\/iesjoaquintorres.catedu.es\/wp-content\/uploads\/sites\/266\/2024\/12\/IMG20241213130312-2048x1536.jpg 2048w\" sizes=\"auto, (max-width: 1024px) 100vw, 1024px\" \/><\/a><\/figure>\n<\/div>\n<\/div>\n","protected":false},"excerpt":{"rendered":"<p>Debido a la gran aceptaci\u00f3n del evento la semana pasada, se ha decidido volver a presentar el mercadillo de libros este viernes d\u00eda 20 de diciembre, entre las actividades que se realizar\u00e1n en la jornada de ese d\u00eda.<\/p>\n","protected":false},"author":1144,"featured_media":0,"comment_status":"closed","ping_status":"closed","sticky":false,"template":"","format":"standard","meta":{"_monsterinsights_skip_tracking":false,"_monsterinsights_sitenote_active":false,"_monsterinsights_sitenote_note":"","_monsterinsights_sitenote_category":0,"footnotes":""},"categories":[1],"tags":[],"class_list":["post-3835","post","type-post","status-publish","format-standard","hentry","category-sin-categoria"],"_links":{"self":[{"href":"https:\/\/iesjoaquintorres.catedu.es\/index.php?rest_route=\/wp\/v2\/posts\/3835","targetHints":{"allow":["GET"]}}],"collection":[{"href":"https:\/\/iesjoaquintorres.catedu.es\/index.php?rest_route=\/wp\/v2\/posts"}],"about":[{"href":"https:\/\/iesjoaquintorres.catedu.es\/index.php?rest_route=\/wp\/v2\/types\/post"}],"author":[{"embeddable":true,"href":"https:\/\/iesjoaquintorres.catedu.es\/index.php?rest_route=\/wp\/v2\/users\/1144"}],"replies":[{"embeddable":true,"href":"https:\/\/iesjoaquintorres.catedu.es\/index.php?rest_route=%2Fwp%2Fv2%2Fcomments&post=3835"}],"version-history":[{"count":1,"href":"https:\/\/iesjoaquintorres.catedu.es\/index.php?rest_route=\/wp\/v2\/posts\/3835\/revisions"}],"predecessor-version":[{"id":3838,"href":"https:\/\/iesjoaquintorres.catedu.es\/index.php?rest_route=\/wp\/v2\/posts\/3835\/revisions\/3838"}],"wp:attachment":[{"href":"https:\/\/iesjoaquintorres.catedu.es\/index.php?rest_route=%2Fwp%2Fv2%2Fmedia&parent=3835"}],"wp:term":[{"taxonomy":"category","embeddable":true,"href":"https:\/\/iesjoaquintorres.catedu.es\/index.php?rest_route=%2Fwp%2Fv2%2Fcategories&post=3835"},{"taxonomy":"post_tag","embeddable":true,"href":"https:\/\/iesjoaquintorres.catedu.es\/index.php?rest_route=%2Fwp%2Fv2%2Ftags&post=3835"}],"curies":[{"name":"wp","href":"https:\/\/api.w.org\/{rel}","templated":true}]}}