{"id":3894,"date":"2025-01-31T11:23:47","date_gmt":"2025-01-31T11:23:47","guid":{"rendered":"https:\/\/iesjoaquintorres.catedu.es\/?p=3894"},"modified":"2025-01-31T11:24:14","modified_gmt":"2025-01-31T11:24:14","slug":"dia-de-la-paz-2","status":"publish","type":"post","link":"https:\/\/iesjoaquintorres.catedu.es\/?p=3894","title":{"rendered":"D\u00eda de la PAZ"},"content":{"rendered":"\n<p>Ayer d\u00eda 30 de enero se celebr\u00f3 el d\u00eda de la PAZ. En nuestro centro, durante los recreos se pusieron canciones con ese motivo y colgamos un mural en el que los alumnos del centro fueron colgando piezas de puzzle que hab\u00edan decorado con esa tem\u00e1tica, alrededor de la frase: \u00abLa PAZ se construye con: Justicia, Respeto y Solidaridad\u00bb.<\/p>\n\n\n\n<div class=\"wp-block-group is-nowrap is-layout-flex wp-container-core-group-is-layout-ad2f72ca wp-block-group-is-layout-flex\">\n<figure class=\"wp-block-gallery has-nested-images columns-default is-cropped wp-block-gallery-1 is-layout-flex wp-block-gallery-is-layout-flex\">\n<figure class=\"wp-block-image size-large\"><a href=\"https:\/\/iesjoaquintorres.catedu.es\/wp-content\/uploads\/sites\/266\/2025\/01\/IMG-20250131-WA0006.jpg\"><img loading=\"lazy\" decoding=\"async\" width=\"1024\" height=\"768\" data-id=\"3895\" src=\"https:\/\/iesjoaquintorres.catedu.es\/wp-content\/uploads\/sites\/266\/2025\/01\/IMG-20250131-WA0006-1024x768.jpg\" alt=\"\" class=\"wp-image-3895\" srcset=\"https:\/\/iesjoaquintorres.catedu.es\/wp-content\/uploads\/sites\/266\/2025\/01\/IMG-20250131-WA0006-1024x768.jpg 1024w, https:\/\/iesjoaquintorres.catedu.es\/wp-content\/uploads\/sites\/266\/2025\/01\/IMG-20250131-WA0006-300x225.jpg 300w, https:\/\/iesjoaquintorres.catedu.es\/wp-content\/uploads\/sites\/266\/2025\/01\/IMG-20250131-WA0006-768x576.jpg 768w, https:\/\/iesjoaquintorres.catedu.es\/wp-content\/uploads\/sites\/266\/2025\/01\/IMG-20250131-WA0006-1536x1152.jpg 1536w, https:\/\/iesjoaquintorres.catedu.es\/wp-content\/uploads\/sites\/266\/2025\/01\/IMG-20250131-WA0006.jpg 1600w\" sizes=\"auto, (max-width: 1024px) 100vw, 1024px\" \/><\/a><\/figure>\n<\/figure>\n<\/div>\n\n\n\n<div class=\"wp-block-group is-nowrap is-layout-flex wp-container-core-group-is-layout-ad2f72ca wp-block-group-is-layout-flex\">\n<figure class=\"wp-block-image size-large is-resized\"><a href=\"https:\/\/iesjoaquintorres.catedu.es\/wp-content\/uploads\/sites\/266\/2025\/01\/IMG-20250131-WA0000.jpg\"><img loading=\"lazy\" decoding=\"async\" width=\"1024\" height=\"768\" src=\"https:\/\/iesjoaquintorres.catedu.es\/wp-content\/uploads\/sites\/266\/2025\/01\/IMG-20250131-WA0000-1024x768.jpg\" alt=\"\" class=\"wp-image-3896\" style=\"width:347px;height:auto\" srcset=\"https:\/\/iesjoaquintorres.catedu.es\/wp-content\/uploads\/sites\/266\/2025\/01\/IMG-20250131-WA0000-1024x768.jpg 1024w, https:\/\/iesjoaquintorres.catedu.es\/wp-content\/uploads\/sites\/266\/2025\/01\/IMG-20250131-WA0000-300x225.jpg 300w, https:\/\/iesjoaquintorres.catedu.es\/wp-content\/uploads\/sites\/266\/2025\/01\/IMG-20250131-WA0000-768x576.jpg 768w, https:\/\/iesjoaquintorres.catedu.es\/wp-content\/uploads\/sites\/266\/2025\/01\/IMG-20250131-WA0000-1536x1152.jpg 1536w, https:\/\/iesjoaquintorres.catedu.es\/wp-content\/uploads\/sites\/266\/2025\/01\/IMG-20250131-WA0000.jpg 1600w\" sizes=\"auto, (max-width: 1024px) 100vw, 1024px\" \/><\/a><\/figure>\n\n\n\n<figure class=\"wp-block-image size-large is-resized\"><a href=\"https:\/\/iesjoaquintorres.catedu.es\/wp-content\/uploads\/sites\/266\/2025\/01\/IMG-20250131-WA0008.jpg\"><img loading=\"lazy\" decoding=\"async\" width=\"1024\" height=\"768\" src=\"https:\/\/iesjoaquintorres.catedu.es\/wp-content\/uploads\/sites\/266\/2025\/01\/IMG-20250131-WA0008-1024x768.jpg\" alt=\"\" class=\"wp-image-3897\" style=\"width:239px;height:auto\" srcset=\"https:\/\/iesjoaquintorres.catedu.es\/wp-content\/uploads\/sites\/266\/2025\/01\/IMG-20250131-WA0008-1024x768.jpg 1024w, https:\/\/iesjoaquintorres.catedu.es\/wp-content\/uploads\/sites\/266\/2025\/01\/IMG-20250131-WA0008-300x225.jpg 300w, https:\/\/iesjoaquintorres.catedu.es\/wp-content\/uploads\/sites\/266\/2025\/01\/IMG-20250131-WA0008-768x576.jpg 768w, https:\/\/iesjoaquintorres.catedu.es\/wp-content\/uploads\/sites\/266\/2025\/01\/IMG-20250131-WA0008-1536x1152.jpg 1536w, https:\/\/iesjoaquintorres.catedu.es\/wp-content\/uploads\/sites\/266\/2025\/01\/IMG-20250131-WA0008.jpg 1600w\" sizes=\"auto, (max-width: 1024px) 100vw, 1024px\" \/><\/a><\/figure>\n\n\n\n<figure class=\"wp-block-image size-large is-resized\"><a href=\"https:\/\/iesjoaquintorres.catedu.es\/wp-content\/uploads\/sites\/266\/2025\/01\/IMG-20250131-WA0003.jpg\"><img loading=\"lazy\" decoding=\"async\" width=\"1024\" height=\"768\" src=\"https:\/\/iesjoaquintorres.catedu.es\/wp-content\/uploads\/sites\/266\/2025\/01\/IMG-20250131-WA0003-1024x768.jpg\" alt=\"\" class=\"wp-image-3898\" style=\"width:209px;height:auto\" srcset=\"https:\/\/iesjoaquintorres.catedu.es\/wp-content\/uploads\/sites\/266\/2025\/01\/IMG-20250131-WA0003-1024x768.jpg 1024w, https:\/\/iesjoaquintorres.catedu.es\/wp-content\/uploads\/sites\/266\/2025\/01\/IMG-20250131-WA0003-300x225.jpg 300w, https:\/\/iesjoaquintorres.catedu.es\/wp-content\/uploads\/sites\/266\/2025\/01\/IMG-20250131-WA0003-768x576.jpg 768w, https:\/\/iesjoaquintorres.catedu.es\/wp-content\/uploads\/sites\/266\/2025\/01\/IMG-20250131-WA0003-1536x1152.jpg 1536w, https:\/\/iesjoaquintorres.catedu.es\/wp-content\/uploads\/sites\/266\/2025\/01\/IMG-20250131-WA0003.jpg 1600w\" sizes=\"auto, (max-width: 1024px) 100vw, 1024px\" \/><\/a><\/figure>\n<\/div>\n\n\n\n<p><\/p>\n","protected":false},"excerpt":{"rendered":"<p>Ayer d\u00eda 30 de enero se celebr\u00f3 el d\u00eda de la PAZ. En nuestro centro, durante los recreos se pusieron canciones con ese motivo y colgamos un mural en el que los alumnos del centro fueron colgando piezas de puzzle que hab\u00edan decorado con esa tem\u00e1tica, alrededor de la frase: \u00abLa PAZ se construye con: [&hellip;]<\/p>\n","protected":false},"author":1144,"featured_media":0,"comment_status":"closed","ping_status":"closed","sticky":false,"template":"","format":"standard","meta":{"_uag_custom_page_level_css":"","_monsterinsights_skip_tracking":false,"_monsterinsights_sitenote_active":false,"_monsterinsights_sitenote_note":"","_monsterinsights_sitenote_category":0,"footnotes":""},"categories":[1],"tags":[],"class_list":["post-3894","post","type-post","status-publish","format-standard","hentry","category-sin-categoria"],"uagb_featured_image_src":{"full":false,"thumbnail":false,"medium":false,"medium_large":false,"large":false,"1536x1536":false,"2048x2048":false,"post-thumbnail":false},"uagb_author_info":{"display_name":"iesjoaquintorres","author_link":"https:\/\/iesjoaquintorres.catedu.es\/?author=1144"},"uagb_comment_info":0,"uagb_excerpt":"Ayer d\u00eda 30 de enero se celebr\u00f3 el d\u00eda de la PAZ. En nuestro centro, durante los recreos se pusieron canciones con ese motivo y colgamos un mural en el que los alumnos del centro fueron colgando piezas de puzzle que hab\u00edan decorado con esa tem\u00e1tica, alrededor de la frase: \u00abLa PAZ se construye con:&hellip;","_links":{"self":[{"href":"https:\/\/iesjoaquintorres.catedu.es\/index.php?rest_route=\/wp\/v2\/posts\/3894","targetHints":{"allow":["GET"]}}],"collection":[{"href":"https:\/\/iesjoaquintorres.catedu.es\/index.php?rest_route=\/wp\/v2\/posts"}],"about":[{"href":"https:\/\/iesjoaquintorres.catedu.es\/index.php?rest_route=\/wp\/v2\/types\/post"}],"author":[{"embeddable":true,"href":"https:\/\/iesjoaquintorres.catedu.es\/index.php?rest_route=\/wp\/v2\/users\/1144"}],"replies":[{"embeddable":true,"href":"https:\/\/iesjoaquintorres.catedu.es\/index.php?rest_route=%2Fwp%2Fv2%2Fcomments&post=3894"}],"version-history":[{"count":2,"href":"https:\/\/iesjoaquintorres.catedu.es\/index.php?rest_route=\/wp\/v2\/posts\/3894\/revisions"}],"predecessor-version":[{"id":3900,"href":"https:\/\/iesjoaquintorres.catedu.es\/index.php?rest_route=\/wp\/v2\/posts\/3894\/revisions\/3900"}],"wp:attachment":[{"href":"https:\/\/iesjoaquintorres.catedu.es\/index.php?rest_route=%2Fwp%2Fv2%2Fmedia&parent=3894"}],"wp:term":[{"taxonomy":"category","embeddable":true,"href":"https:\/\/iesjoaquintorres.catedu.es\/index.php?rest_route=%2Fwp%2Fv2%2Fcategories&post=3894"},{"taxonomy":"post_tag","embeddable":true,"href":"https:\/\/iesjoaquintorres.catedu.es\/index.php?rest_route=%2Fwp%2Fv2%2Ftags&post=3894"}],"curies":[{"name":"wp","href":"https:\/\/api.w.org\/{rel}","templated":true}]}}