{"id":4201,"date":"2025-12-04T10:35:22","date_gmt":"2025-12-04T10:35:22","guid":{"rendered":"https:\/\/iesjoaquintorres.catedu.es\/?p=4201"},"modified":"2025-12-04T10:35:22","modified_gmt":"2025-12-04T10:35:22","slug":"ampliacion-de-la-lista-de-espera-de-auxiliares-de-educacion-especial","status":"publish","type":"post","link":"https:\/\/iesjoaquintorres.catedu.es\/?p=4201","title":{"rendered":"AMPLIACI\u00d3N DE LA LISTA DE ESPERA DE AUXILIARES DE EDUCACI\u00d3N ESPECIAL ."},"content":{"rendered":"\n<p>Se informa de que,<strong> ante la ausencia de aspirantes en las listas de espera de Auxiliares de Educaci\u00f3n Especial<\/strong>, y de acuerdo con lo establecido en:<\/p>\n\n\n\n<ul class=\"wp-block-list\">\n<li>La Instrucci\u00f3n de 10 de junio de 2025 sobre criterios generales de gesti\u00f3n y llamamiento de personal funcionario interino en la Administraci\u00f3n General de la Comunidad Aut\u00f3noma de Arag\u00f3n.<\/li>\n<\/ul>\n\n\n\n<p><\/p>\n\n\n\n<ul class=\"wp-block-list\">\n<li>La Instrucci\u00f3n de 28 de junio de 2021 de la Direcci\u00f3n General de la Funci\u00f3n P\u00fablica y Calidad de los Servicios relativa a la creaci\u00f3n de listas de espera extraordinarias a trav\u00e9s del Servicio P\u00fablico de Empleo.<\/li>\n<\/ul>\n\n\n\n<p>Se ha autorizado la creaci\u00f3n de una lista de espera extraordinaria para este cuerpo. Podr\u00e1n acceder a ella aquellas personas que cumplan los requisitos y obtengan la calificaci\u00f3n de aptas seg\u00fan el Tribunal de Selecci\u00f3n.<\/p>\n\n\n\n<p><strong>A partir del 28 de noviembre de 2025<\/strong>, toda la informaci\u00f3n estar\u00e1 disponible a trav\u00e9s de la p\u00e1gina web del Gobierno de Arag\u00f3n y del Servicio P\u00fablico de Empleo:<\/p>\n\n\n\n<p>Oferta de empleo a trav\u00e9s del INAEM:<br><a href=\"https:\/\/www.aragon.es\/-\/oferta-de-empleo-a-traves-del-inaem\">https:\/\/www.aragon.es\/-\/oferta-de-empleo-a-traves-del-inaem<\/a><\/p>\n\n\n\n<p><\/p>\n\n\n\n<p>El periodo de inscripci\u00f3n <strong>ser\u00e1 del viernes 28 de noviembre al viernes 5 de diciembre<\/strong> de <strong>2025, exclusivamente<\/strong> mediante el siguiente tr\u00e1mite telem\u00e1tica.<\/p>\n\n\n\n<p><strong>Ampliaci\u00f3n de listas Auxiliares de Educaci\u00f3n Especial (11285) \u2013 Tr\u00e1mites Gobierno de Arag\u00f3n.<\/strong><\/p>\n\n\n\n<p><a href=\"https:\/\/iam.aragon.es\/web\/guest\/tramitador\/-\/tramite\/ampliacion-de-listas-auxiliares-de-educacion-especial\"> https:\/\/iam.aragon.es\/web\/guest\/tramitador\/-\/tramite\/ampliacion-de-listas-auxiliares-de-educacion-especial<\/a><\/p>\n\n\n\n<p>Accediendo al enlace anterior se entra directamente en la convocatoria.<\/p>\n\n\n\n<p><\/p>\n","protected":false},"excerpt":{"rendered":"<p>Se informa de que, ante la ausencia de aspirantes en las listas de espera de Auxiliares de Educaci\u00f3n Especial, y de acuerdo con lo establecido en: Se ha autorizado la creaci\u00f3n de una lista de espera extraordinaria para este cuerpo. Podr\u00e1n acceder a ella aquellas personas que cumplan los requisitos y obtengan la calificaci\u00f3n de [&hellip;]<\/p>\n","protected":false},"author":1144,"featured_media":0,"comment_status":"closed","ping_status":"closed","sticky":false,"template":"","format":"standard","meta":{"_uag_custom_page_level_css":"","_monsterinsights_skip_tracking":false,"_monsterinsights_sitenote_active":false,"_monsterinsights_sitenote_note":"","_monsterinsights_sitenote_category":0,"footnotes":""},"categories":[1],"tags":[],"class_list":["post-4201","post","type-post","status-publish","format-standard","hentry","category-sin-categoria"],"uagb_featured_image_src":{"full":false,"thumbnail":false,"medium":false,"medium_large":false,"large":false,"1536x1536":false,"2048x2048":false,"post-thumbnail":false},"uagb_author_info":{"display_name":"iesjoaquintorres","author_link":"https:\/\/iesjoaquintorres.catedu.es\/?author=1144"},"uagb_comment_info":0,"uagb_excerpt":"Se informa de que, ante la ausencia de aspirantes en las listas de espera de Auxiliares de Educaci\u00f3n Especial, y de acuerdo con lo establecido en: Se ha autorizado la creaci\u00f3n de una lista de espera extraordinaria para este cuerpo. Podr\u00e1n acceder a ella aquellas personas que cumplan los requisitos y obtengan la calificaci\u00f3n de&hellip;","_links":{"self":[{"href":"https:\/\/iesjoaquintorres.catedu.es\/index.php?rest_route=\/wp\/v2\/posts\/4201","targetHints":{"allow":["GET"]}}],"collection":[{"href":"https:\/\/iesjoaquintorres.catedu.es\/index.php?rest_route=\/wp\/v2\/posts"}],"about":[{"href":"https:\/\/iesjoaquintorres.catedu.es\/index.php?rest_route=\/wp\/v2\/types\/post"}],"author":[{"embeddable":true,"href":"https:\/\/iesjoaquintorres.catedu.es\/index.php?rest_route=\/wp\/v2\/users\/1144"}],"replies":[{"embeddable":true,"href":"https:\/\/iesjoaquintorres.catedu.es\/index.php?rest_route=%2Fwp%2Fv2%2Fcomments&post=4201"}],"version-history":[{"count":1,"href":"https:\/\/iesjoaquintorres.catedu.es\/index.php?rest_route=\/wp\/v2\/posts\/4201\/revisions"}],"predecessor-version":[{"id":4202,"href":"https:\/\/iesjoaquintorres.catedu.es\/index.php?rest_route=\/wp\/v2\/posts\/4201\/revisions\/4202"}],"wp:attachment":[{"href":"https:\/\/iesjoaquintorres.catedu.es\/index.php?rest_route=%2Fwp%2Fv2%2Fmedia&parent=4201"}],"wp:term":[{"taxonomy":"category","embeddable":true,"href":"https:\/\/iesjoaquintorres.catedu.es\/index.php?rest_route=%2Fwp%2Fv2%2Fcategories&post=4201"},{"taxonomy":"post_tag","embeddable":true,"href":"https:\/\/iesjoaquintorres.catedu.es\/index.php?rest_route=%2Fwp%2Fv2%2Ftags&post=4201"}],"curies":[{"name":"wp","href":"https:\/\/api.w.org\/{rel}","templated":true}]}}